{"id":92,"date":"2015-01-08T13:46:00","date_gmt":"2015-01-08T12:46:00","guid":{"rendered":"https:\/\/aecniger.org\/?p=92"},"modified":"2026-08-05T15:18:21","modified_gmt":"2026-08-05T13:18:21","slug":"des-migrants-nigeriens-confines-a-boufarik-aux-portes-dalger","status":"publish","type":"post","link":"https:\/\/aecniger.org\/index.php\/2015\/01\/08\/des-migrants-nigeriens-confines-a-boufarik-aux-portes-dalger\/","title":{"rendered":"Des migrants nig\u00e9riens confin\u00e9s \u00e0 Boufarik aux portes d\u2019Alger"},"content":{"rendered":"\n<p class=\"wp-block-paragraph\">Un millier de migrants nig\u00e9riens est install\u00e9 \u00e0 Boufarik aux portes d\u2019Alger depuis des mois dans des conditions mis\u00e9rables. Ils sont arriv\u00e9s en Alg\u00e9rie par des circuits informels en contournant les check-points aux fronti\u00e8res. Ils ont quitt\u00e9 le Niger fuyant la pauvret\u00e9 et la sous-alimentation.<\/p>\n\n\n\n<p class=\"wp-block-paragraph\">Ce sont des femmes, des hommes et des enfants qui ont fui la mis\u00e8re pour venir s\u2019installer \u00e0 Boufarik dans l\u2019extr\u00eame pauvret\u00e9. Leur pr\u00e9sence est tol\u00e9r\u00e9 mais pas forcement d\u00e9sirable. Ils sont stigmatis\u00e9s quelque peu par les locaux.<\/p>\n\n\n\n<p class=\"wp-block-paragraph\">Tous les jours de nouveaux migrants nig\u00e9riens arrivent \u00e0 Boufarik et plantent leur tente aux extr\u00e9mit\u00e9s libres de cette agglom\u00e9ration. Le jour sur le site on trouve peu de femmes et des enfants.&nbsp;\u2018\u2019 Les femmes et les enfants partent en ville pour mendier\u2019\u2019, explique S\u00e2adia, une femme venu du Niger depuis pr\u00e8s d\u2019une ann\u00e9e. Selon elle les Alg\u00e9riens ne donnent pas l\u2019aum\u00f4ne aux hommes. Ils pr\u00e9f\u00e8rent donner aux femmes et aux enfants.<\/p>\n\n\n\n<p class=\"wp-block-paragraph\">Les migrants nig\u00e9riens arrivent en Alg\u00e9rie par voie terrestre en bus et par plusieurs \u00e9tapes. D\u2019autres empruntent des v\u00e9hicules pick-up o\u00f9 ils sont entass\u00e9s \u00e0 l\u2019arri\u00e8re. Tous les migrants se trouvant sur le site \u00e0 Boufarik sont originaires de Zinder, une r\u00e9gion situ\u00e9e dans le centre-est du pays.<\/p>\n\n\n\n<p class=\"wp-block-paragraph\">Environ 1200 kilom\u00e8tres s\u00e9parent la ville de Zinder de celle de Tamanrasset qui est la porte d\u2019entr\u00e9e en Alg\u00e9rie pour les migrants nig\u00e9riens. Ils paient environ 50.000 FCFA pour ce trajet.<\/p>\n\n\n\n<p class=\"wp-block-paragraph\">La plupart de ces migrants ne poss\u00e8dent pas de documents de voyage conventionnels. Ceux qui poss\u00e8dent des passeports ne justifient ni de visa ni de cachets des services de la Police des fronti\u00e8res marquant la sortie du territoire nig\u00e9rien et l\u2019entr\u00e9e sur le sol alg\u00e9rien.<\/p>\n\n\n\n<p class=\"wp-block-paragraph\">A Boufarik tous les migrants ont le m\u00eame objectif&nbsp;: am\u00e9liorer leur niveau de vie sur une terre qu\u2019ils assimilent, assur\u00e9ment \u00e0 tort, \u00e0 l\u2019eldorado.<\/p>\n","protected":false},"excerpt":{"rendered":"<p>Un millier de migrants nig\u00e9riens est install\u00e9 \u00e0 Boufarik aux portes d\u2019Alger depuis des mois dans des conditions mis\u00e9rables. Ils sont arriv\u00e9s en Alg\u00e9rie par des circuits informels en contournant les check-points aux fronti\u00e8res. Ils ont quitt\u00e9 le Niger fuyant la pauvret\u00e9 et la sous-alimentation. Ce sont des femmes, des hommes et des enfants qui [&hellip;]<\/p>\n","protected":false},"author":1,"featured_media":340,"comment_status":"closed","ping_status":"closed","sticky":false,"template":"","format":"standard","meta":{"ocean_front_end_style_editor":"no","ocean_post_layout":"","ocean_both_sidebars_style":"","ocean_both_sidebars_content_width":0,"ocean_both_sidebars_sidebars_width":0,"ocean_sidebar":"","ocean_second_sidebar":"","ocean_disable_margins":"enable","ocean_add_body_class":"","ocean_shortcode_before_top_bar":"","ocean_shortcode_after_top_bar":"","ocean_shortcode_before_header":"","ocean_shortcode_after_header":"","ocean_has_shortcode":"","ocean_shortcode_after_title":"","ocean_shortcode_before_footer_widgets":"","ocean_shortcode_after_footer_widgets":"","ocean_shortcode_before_footer_bottom":"","ocean_shortcode_after_footer_bottom":"","ocean_display_top_bar":"default","ocean_display_header":"default","ocean_header_style":"","ocean_center_header_left_menu":"","ocean_custom_header_template":"","ocean_custom_logo":0,"ocean_custom_retina_logo":0,"ocean_custom_logo_max_width":0,"ocean_custom_logo_tablet_max_width":0,"ocean_custom_logo_mobile_max_width":0,"ocean_custom_logo_max_height":0,"ocean_custom_logo_tablet_max_height":0,"ocean_custom_logo_mobile_max_height":0,"ocean_header_custom_menu":"","ocean_menu_typo_font_family":"","ocean_menu_typo_font_subset":"","ocean_menu_typo_font_size":0,"ocean_menu_typo_font_size_tablet":0,"ocean_menu_typo_font_size_mobile":0,"ocean_menu_typo_font_size_unit":"px","ocean_menu_typo_font_weight":"","ocean_menu_typo_font_weight_tablet":"","ocean_menu_typo_font_weight_mobile":"","ocean_menu_typo_transform":"","ocean_menu_typo_transform_tablet":"","ocean_menu_typo_transform_mobile":"","ocean_menu_typo_line_height":0,"ocean_menu_typo_line_height_tablet":0,"ocean_menu_typo_line_height_mobile":0,"ocean_menu_typo_line_height_unit":"","ocean_menu_typo_spacing":0,"ocean_menu_typo_spacing_tablet":0,"ocean_menu_typo_spacing_mobile":0,"ocean_menu_typo_spacing_unit":"","ocean_menu_link_color":"","ocean_menu_link_color_hover":"","ocean_menu_link_color_active":"","ocean_menu_link_background":"","ocean_menu_link_hover_background":"","ocean_menu_link_active_background":"","ocean_menu_social_links_bg":"","ocean_menu_social_hover_links_bg":"","ocean_menu_social_links_color":"","ocean_menu_social_hover_links_color":"","ocean_disable_title":"default","ocean_disable_heading":"default","ocean_post_title":"","ocean_post_subheading":"","ocean_post_title_style":"","ocean_post_title_background_color":"","ocean_post_title_background":0,"ocean_post_title_bg_image_position":"","ocean_post_title_bg_image_attachment":"","ocean_post_title_bg_image_repeat":"","ocean_post_title_bg_image_size":"","ocean_post_title_height":0,"ocean_post_title_bg_overlay":0.5,"ocean_post_title_bg_overlay_color":"","ocean_disable_breadcrumbs":"default","ocean_breadcrumbs_color":"","ocean_breadcrumbs_separator_color":"","ocean_breadcrumbs_links_color":"","ocean_breadcrumbs_links_hover_color":"","ocean_display_footer_widgets":"default","ocean_display_footer_bottom":"default","ocean_custom_footer_template":"","ocean_post_oembed":"","ocean_post_self_hosted_media":"","ocean_post_video_embed":"","ocean_link_format":"","ocean_link_format_target":"self","ocean_quote_format":"","ocean_quote_format_link":"post","ocean_gallery_link_images":"on","ocean_gallery_id":[],"footnotes":""},"categories":[14,12],"tags":[],"class_list":["post-92","post","type-post","status-publish","format-standard","has-post-thumbnail","hentry","category-actualites","category-immigration","entry","has-media"],"yoast_head":"<!-- This site is optimized with the Yoast SEO plugin v28.4 - https:\/\/yoast.com\/product\/yoast-seo-wordpress\/ -->\n<title>Des migrants nig\u00e9riens confin\u00e9s \u00e0 Boufarik aux portes d\u2019Alger - Alternative Espaces Citoyens<\/title>\n<meta name=\"robots\" content=\"index, follow, max-snippet:-1, max-image-preview:large, max-video-preview:-1\" \/>\n<link rel=\"canonical\" href=\"https:\/\/aecniger.org\/index.php\/2015\/01\/08\/des-migrants-nigeriens-confines-a-boufarik-aux-portes-dalger\/\" \/>\n<meta property=\"og:locale\" content=\"en_US\" \/>\n<meta property=\"og:type\" content=\"article\" \/>\n<meta property=\"og:title\" content=\"Des migrants nig\u00e9riens confin\u00e9s \u00e0 Boufarik aux portes d\u2019Alger - Alternative Espaces Citoyens\" \/>\n<meta property=\"og:description\" content=\"Un millier de migrants nig\u00e9riens est install\u00e9 \u00e0 Boufarik aux portes d\u2019Alger depuis des mois dans des conditions mis\u00e9rables. Ils sont arriv\u00e9s en Alg\u00e9rie par des circuits informels en contournant les check-points aux fronti\u00e8res. Ils ont quitt\u00e9 le Niger fuyant la pauvret\u00e9 et la sous-alimentation. Ce sont des femmes, des hommes et des enfants qui [&hellip;]\" \/>\n<meta property=\"og:url\" content=\"https:\/\/aecniger.org\/index.php\/2015\/01\/08\/des-migrants-nigeriens-confines-a-boufarik-aux-portes-dalger\/\" \/>\n<meta property=\"og:site_name\" content=\"Alternative Espaces Citoyens\" \/>\n<meta property=\"article:published_time\" content=\"2015-01-08T12:46:00+00:00\" \/>\n<meta property=\"article:modified_time\" content=\"2026-08-05T13:18:21+00:00\" \/>\n<meta property=\"og:image\" content=\"https:\/\/aecniger.org\/wp-content\/uploads\/2015\/01\/imagesCBX2M3FT.jpg\" \/>\n\t<meta property=\"og:image:width\" content=\"274\" \/>\n\t<meta property=\"og:image:height\" content=\"184\" \/>\n\t<meta property=\"og:image:type\" content=\"image\/jpeg\" \/>\n<meta name=\"author\" content=\"admin\" \/>\n<meta name=\"twitter:card\" content=\"summary_large_image\" \/>\n<meta name=\"twitter:label1\" content=\"Written by\" \/>\n\t<meta name=\"twitter:data1\" content=\"admin\" \/>\n\t<meta name=\"twitter:label2\" content=\"Est. reading time\" \/>\n\t<meta name=\"twitter:data2\" content=\"2 minutes\" \/>\n<script type=\"application\/ld+json\" class=\"yoast-schema-graph\">{\"@context\":\"https:\\\/\\\/schema.org\",\"@graph\":[{\"@type\":\"Article\",\"@id\":\"https:\\\/\\\/aecniger.org\\\/index.php\\\/2015\\\/01\\\/08\\\/des-migrants-nigeriens-confines-a-boufarik-aux-portes-dalger\\\/#article\",\"isPartOf\":{\"@id\":\"https:\\\/\\\/aecniger.org\\\/index.php\\\/2015\\\/01\\\/08\\\/des-migrants-nigeriens-confines-a-boufarik-aux-portes-dalger\\\/\"},\"author\":{\"name\":\"admin\",\"@id\":\"https:\\\/\\\/aecniger.org\\\/#\\\/schema\\\/person\\\/94318d9de7509d5cd03f9b08d13257cb\"},\"headline\":\"Des migrants nig\u00e9riens confin\u00e9s \u00e0 Boufarik aux portes d\u2019Alger\",\"datePublished\":\"2015-01-08T12:46:00+00:00\",\"dateModified\":\"2026-08-05T13:18:21+00:00\",\"mainEntityOfPage\":{\"@id\":\"https:\\\/\\\/aecniger.org\\\/index.php\\\/2015\\\/01\\\/08\\\/des-migrants-nigeriens-confines-a-boufarik-aux-portes-dalger\\\/\"},\"wordCount\":361,\"image\":{\"@id\":\"https:\\\/\\\/aecniger.org\\\/index.php\\\/2015\\\/01\\\/08\\\/des-migrants-nigeriens-confines-a-boufarik-aux-portes-dalger\\\/#primaryimage\"},\"thumbnailUrl\":\"https:\\\/\\\/aecniger.org\\\/wp-content\\\/uploads\\\/2015\\\/01\\\/imagesCBX2M3FT.jpg\",\"articleSection\":[\"Actualit\u00e9s\",\"Immigration\"],\"inLanguage\":\"en-US\"},{\"@type\":\"WebPage\",\"@id\":\"https:\\\/\\\/aecniger.org\\\/index.php\\\/2015\\\/01\\\/08\\\/des-migrants-nigeriens-confines-a-boufarik-aux-portes-dalger\\\/\",\"url\":\"https:\\\/\\\/aecniger.org\\\/index.php\\\/2015\\\/01\\\/08\\\/des-migrants-nigeriens-confines-a-boufarik-aux-portes-dalger\\\/\",\"name\":\"Des migrants nig\u00e9riens confin\u00e9s \u00e0 Boufarik aux portes d\u2019Alger - Alternative Espaces Citoyens\",\"isPartOf\":{\"@id\":\"https:\\\/\\\/aecniger.org\\\/#website\"},\"primaryImageOfPage\":{\"@id\":\"https:\\\/\\\/aecniger.org\\\/index.php\\\/2015\\\/01\\\/08\\\/des-migrants-nigeriens-confines-a-boufarik-aux-portes-dalger\\\/#primaryimage\"},\"image\":{\"@id\":\"https:\\\/\\\/aecniger.org\\\/index.php\\\/2015\\\/01\\\/08\\\/des-migrants-nigeriens-confines-a-boufarik-aux-portes-dalger\\\/#primaryimage\"},\"thumbnailUrl\":\"https:\\\/\\\/aecniger.org\\\/wp-content\\\/uploads\\\/2015\\\/01\\\/imagesCBX2M3FT.jpg\",\"datePublished\":\"2015-01-08T12:46:00+00:00\",\"dateModified\":\"2026-08-05T13:18:21+00:00\",\"author\":{\"@id\":\"https:\\\/\\\/aecniger.org\\\/#\\\/schema\\\/person\\\/94318d9de7509d5cd03f9b08d13257cb\"},\"breadcrumb\":{\"@id\":\"https:\\\/\\\/aecniger.org\\\/index.php\\\/2015\\\/01\\\/08\\\/des-migrants-nigeriens-confines-a-boufarik-aux-portes-dalger\\\/#breadcrumb\"},\"inLanguage\":\"en-US\",\"potentialAction\":[{\"@type\":\"ReadAction\",\"target\":[\"https:\\\/\\\/aecniger.org\\\/index.php\\\/2015\\\/01\\\/08\\\/des-migrants-nigeriens-confines-a-boufarik-aux-portes-dalger\\\/\"]}]},{\"@type\":\"ImageObject\",\"inLanguage\":\"en-US\",\"@id\":\"https:\\\/\\\/aecniger.org\\\/index.php\\\/2015\\\/01\\\/08\\\/des-migrants-nigeriens-confines-a-boufarik-aux-portes-dalger\\\/#primaryimage\",\"url\":\"https:\\\/\\\/aecniger.org\\\/wp-content\\\/uploads\\\/2015\\\/01\\\/imagesCBX2M3FT.jpg\",\"contentUrl\":\"https:\\\/\\\/aecniger.org\\\/wp-content\\\/uploads\\\/2015\\\/01\\\/imagesCBX2M3FT.jpg\",\"width\":274,\"height\":184},{\"@type\":\"BreadcrumbList\",\"@id\":\"https:\\\/\\\/aecniger.org\\\/index.php\\\/2015\\\/01\\\/08\\\/des-migrants-nigeriens-confines-a-boufarik-aux-portes-dalger\\\/#breadcrumb\",\"itemListElement\":[{\"@type\":\"ListItem\",\"position\":1,\"name\":\"Home\",\"item\":\"https:\\\/\\\/aecniger.org\\\/\"},{\"@type\":\"ListItem\",\"position\":2,\"name\":\"Des migrants nig\u00e9riens confin\u00e9s \u00e0 Boufarik aux portes d\u2019Alger\"}]},{\"@type\":\"WebSite\",\"@id\":\"https:\\\/\\\/aecniger.org\\\/#website\",\"url\":\"https:\\\/\\\/aecniger.org\\\/\",\"name\":\"Alternative Espaces Citoyens\",\"description\":\"Ouvrir les portes de l&#039;avenir\",\"potentialAction\":[{\"@type\":\"SearchAction\",\"target\":{\"@type\":\"EntryPoint\",\"urlTemplate\":\"https:\\\/\\\/aecniger.org\\\/?s={search_term_string}\"},\"query-input\":{\"@type\":\"PropertyValueSpecification\",\"valueRequired\":true,\"valueName\":\"search_term_string\"}}],\"inLanguage\":\"en-US\"},{\"@type\":\"Person\",\"@id\":\"https:\\\/\\\/aecniger.org\\\/#\\\/schema\\\/person\\\/94318d9de7509d5cd03f9b08d13257cb\",\"name\":\"admin\",\"image\":{\"@type\":\"ImageObject\",\"inLanguage\":\"en-US\",\"@id\":\"https:\\\/\\\/secure.gravatar.com\\\/avatar\\\/e1813f6959a1a170b1a949741614e491b1076792406d8e256e020f1ca69d550b?s=96&d=mm&r=g\",\"url\":\"https:\\\/\\\/secure.gravatar.com\\\/avatar\\\/e1813f6959a1a170b1a949741614e491b1076792406d8e256e020f1ca69d550b?s=96&d=mm&r=g\",\"contentUrl\":\"https:\\\/\\\/secure.gravatar.com\\\/avatar\\\/e1813f6959a1a170b1a949741614e491b1076792406d8e256e020f1ca69d550b?s=96&d=mm&r=g\",\"caption\":\"admin\"},\"sameAs\":[\"https:\\\/\\\/aecniger.org\"],\"url\":\"https:\\\/\\\/aecniger.org\\\/index.php\\\/author\\\/admin\\\/\"}]}<\/script>\n<!-- \/ Yoast SEO plugin. -->","yoast_head_json":{"title":"Des migrants nig\u00e9riens confin\u00e9s \u00e0 Boufarik aux portes d\u2019Alger - Alternative Espaces Citoyens","robots":{"index":"index","follow":"follow","max-snippet":"max-snippet:-1","max-image-preview":"max-image-preview:large","max-video-preview":"max-video-preview:-1"},"canonical":"https:\/\/aecniger.org\/index.php\/2015\/01\/08\/des-migrants-nigeriens-confines-a-boufarik-aux-portes-dalger\/","og_locale":"en_US","og_type":"article","og_title":"Des migrants nig\u00e9riens confin\u00e9s \u00e0 Boufarik aux portes d\u2019Alger - Alternative Espaces Citoyens","og_description":"Un millier de migrants nig\u00e9riens est install\u00e9 \u00e0 Boufarik aux portes d\u2019Alger depuis des mois dans des conditions mis\u00e9rables. Ils sont arriv\u00e9s en Alg\u00e9rie par des circuits informels en contournant les check-points aux fronti\u00e8res. Ils ont quitt\u00e9 le Niger fuyant la pauvret\u00e9 et la sous-alimentation. Ce sont des femmes, des hommes et des enfants qui [&hellip;]","og_url":"https:\/\/aecniger.org\/index.php\/2015\/01\/08\/des-migrants-nigeriens-confines-a-boufarik-aux-portes-dalger\/","og_site_name":"Alternative Espaces Citoyens","article_published_time":"2015-01-08T12:46:00+00:00","article_modified_time":"2026-08-05T13:18:21+00:00","og_image":[{"width":274,"height":184,"url":"https:\/\/aecniger.org\/wp-content\/uploads\/2015\/01\/imagesCBX2M3FT.jpg","type":"image\/jpeg"}],"author":"admin","twitter_card":"summary_large_image","twitter_misc":{"Written by":"admin","Est. reading time":"2 minutes"},"schema":{"@context":"https:\/\/schema.org","@graph":[{"@type":"Article","@id":"https:\/\/aecniger.org\/index.php\/2015\/01\/08\/des-migrants-nigeriens-confines-a-boufarik-aux-portes-dalger\/#article","isPartOf":{"@id":"https:\/\/aecniger.org\/index.php\/2015\/01\/08\/des-migrants-nigeriens-confines-a-boufarik-aux-portes-dalger\/"},"author":{"name":"admin","@id":"https:\/\/aecniger.org\/#\/schema\/person\/94318d9de7509d5cd03f9b08d13257cb"},"headline":"Des migrants nig\u00e9riens confin\u00e9s \u00e0 Boufarik aux portes d\u2019Alger","datePublished":"2015-01-08T12:46:00+00:00","dateModified":"2026-08-05T13:18:21+00:00","mainEntityOfPage":{"@id":"https:\/\/aecniger.org\/index.php\/2015\/01\/08\/des-migrants-nigeriens-confines-a-boufarik-aux-portes-dalger\/"},"wordCount":361,"image":{"@id":"https:\/\/aecniger.org\/index.php\/2015\/01\/08\/des-migrants-nigeriens-confines-a-boufarik-aux-portes-dalger\/#primaryimage"},"thumbnailUrl":"https:\/\/aecniger.org\/wp-content\/uploads\/2015\/01\/imagesCBX2M3FT.jpg","articleSection":["Actualit\u00e9s","Immigration"],"inLanguage":"en-US"},{"@type":"WebPage","@id":"https:\/\/aecniger.org\/index.php\/2015\/01\/08\/des-migrants-nigeriens-confines-a-boufarik-aux-portes-dalger\/","url":"https:\/\/aecniger.org\/index.php\/2015\/01\/08\/des-migrants-nigeriens-confines-a-boufarik-aux-portes-dalger\/","name":"Des migrants nig\u00e9riens confin\u00e9s \u00e0 Boufarik aux portes d\u2019Alger - Alternative Espaces Citoyens","isPartOf":{"@id":"https:\/\/aecniger.org\/#website"},"primaryImageOfPage":{"@id":"https:\/\/aecniger.org\/index.php\/2015\/01\/08\/des-migrants-nigeriens-confines-a-boufarik-aux-portes-dalger\/#primaryimage"},"image":{"@id":"https:\/\/aecniger.org\/index.php\/2015\/01\/08\/des-migrants-nigeriens-confines-a-boufarik-aux-portes-dalger\/#primaryimage"},"thumbnailUrl":"https:\/\/aecniger.org\/wp-content\/uploads\/2015\/01\/imagesCBX2M3FT.jpg","datePublished":"2015-01-08T12:46:00+00:00","dateModified":"2026-08-05T13:18:21+00:00","author":{"@id":"https:\/\/aecniger.org\/#\/schema\/person\/94318d9de7509d5cd03f9b08d13257cb"},"breadcrumb":{"@id":"https:\/\/aecniger.org\/index.php\/2015\/01\/08\/des-migrants-nigeriens-confines-a-boufarik-aux-portes-dalger\/#breadcrumb"},"inLanguage":"en-US","potentialAction":[{"@type":"ReadAction","target":["https:\/\/aecniger.org\/index.php\/2015\/01\/08\/des-migrants-nigeriens-confines-a-boufarik-aux-portes-dalger\/"]}]},{"@type":"ImageObject","inLanguage":"en-US","@id":"https:\/\/aecniger.org\/index.php\/2015\/01\/08\/des-migrants-nigeriens-confines-a-boufarik-aux-portes-dalger\/#primaryimage","url":"https:\/\/aecniger.org\/wp-content\/uploads\/2015\/01\/imagesCBX2M3FT.jpg","contentUrl":"https:\/\/aecniger.org\/wp-content\/uploads\/2015\/01\/imagesCBX2M3FT.jpg","width":274,"height":184},{"@type":"BreadcrumbList","@id":"https:\/\/aecniger.org\/index.php\/2015\/01\/08\/des-migrants-nigeriens-confines-a-boufarik-aux-portes-dalger\/#breadcrumb","itemListElement":[{"@type":"ListItem","position":1,"name":"Home","item":"https:\/\/aecniger.org\/"},{"@type":"ListItem","position":2,"name":"Des migrants nig\u00e9riens confin\u00e9s \u00e0 Boufarik aux portes d\u2019Alger"}]},{"@type":"WebSite","@id":"https:\/\/aecniger.org\/#website","url":"https:\/\/aecniger.org\/","name":"Alternative Espaces Citoyens","description":"Ouvrir les portes de l&#039;avenir","potentialAction":[{"@type":"SearchAction","target":{"@type":"EntryPoint","urlTemplate":"https:\/\/aecniger.org\/?s={search_term_string}"},"query-input":{"@type":"PropertyValueSpecification","valueRequired":true,"valueName":"search_term_string"}}],"inLanguage":"en-US"},{"@type":"Person","@id":"https:\/\/aecniger.org\/#\/schema\/person\/94318d9de7509d5cd03f9b08d13257cb","name":"admin","image":{"@type":"ImageObject","inLanguage":"en-US","@id":"https:\/\/secure.gravatar.com\/avatar\/e1813f6959a1a170b1a949741614e491b1076792406d8e256e020f1ca69d550b?s=96&d=mm&r=g","url":"https:\/\/secure.gravatar.com\/avatar\/e1813f6959a1a170b1a949741614e491b1076792406d8e256e020f1ca69d550b?s=96&d=mm&r=g","contentUrl":"https:\/\/secure.gravatar.com\/avatar\/e1813f6959a1a170b1a949741614e491b1076792406d8e256e020f1ca69d550b?s=96&d=mm&r=g","caption":"admin"},"sameAs":["https:\/\/aecniger.org"],"url":"https:\/\/aecniger.org\/index.php\/author\/admin\/"}]}},"_links":{"self":[{"href":"https:\/\/aecniger.org\/index.php\/wp-json\/wp\/v2\/posts\/92","targetHints":{"allow":["GET"]}}],"collection":[{"href":"https:\/\/aecniger.org\/index.php\/wp-json\/wp\/v2\/posts"}],"about":[{"href":"https:\/\/aecniger.org\/index.php\/wp-json\/wp\/v2\/types\/post"}],"author":[{"embeddable":true,"href":"https:\/\/aecniger.org\/index.php\/wp-json\/wp\/v2\/users\/1"}],"replies":[{"embeddable":true,"href":"https:\/\/aecniger.org\/index.php\/wp-json\/wp\/v2\/comments?post=92"}],"version-history":[{"count":1,"href":"https:\/\/aecniger.org\/index.php\/wp-json\/wp\/v2\/posts\/92\/revisions"}],"predecessor-version":[{"id":93,"href":"https:\/\/aecniger.org\/index.php\/wp-json\/wp\/v2\/posts\/92\/revisions\/93"}],"wp:featuredmedia":[{"embeddable":true,"href":"https:\/\/aecniger.org\/index.php\/wp-json\/wp\/v2\/media\/340"}],"wp:attachment":[{"href":"https:\/\/aecniger.org\/index.php\/wp-json\/wp\/v2\/media?parent=92"}],"wp:term":[{"taxonomy":"category","embeddable":true,"href":"https:\/\/aecniger.org\/index.php\/wp-json\/wp\/v2\/categories?post=92"},{"taxonomy":"post_tag","embeddable":true,"href":"https:\/\/aecniger.org\/index.php\/wp-json\/wp\/v2\/tags?post=92"}],"curies":[{"name":"wp","href":"https:\/\/api.w.org\/{rel}","templated":true}]}}