{"id":89,"date":"2015-07-07T13:41:00","date_gmt":"2015-07-07T11:41:00","guid":{"rendered":"https:\/\/aecniger.org\/?p=89"},"modified":"2026-08-05T15:15:49","modified_gmt":"2026-08-05T13:15:49","slug":"le-forum-citoyen-de-ouagadougou-dresse-la-liste-des-entraves-sur-la-libre-circulation-dans-lespace-cedeao","status":"publish","type":"post","link":"https:\/\/aecniger.org\/index.php\/2015\/07\/07\/le-forum-citoyen-de-ouagadougou-dresse-la-liste-des-entraves-sur-la-libre-circulation-dans-lespace-cedeao\/","title":{"rendered":"Le Forum citoyen de Ouagadougou dresse la liste des entraves sur la libre circulation dans l\u2019espace CEDEAO"},"content":{"rendered":"\n<p class=\"wp-block-paragraph\">La libre circulation dans l\u2019espace de la Communaut\u00e9 \u00e9conomique des Etats de l\u2019Afrique de l\u2019Ouest (CEDEAO) \u00e9tait en discussion le 5 juillet \u00e0 Ouagadougou \u00e0 l\u2019occasion du Forum citoyen de Ouagadougou au Burkina Faso qui s\u2019est d\u00e9roul\u00e9 sur trois jours.<\/p>\n\n\n\n<p class=\"wp-block-paragraph\">C\u2019est le Pr\u00e9sident de la Commission de la CEDEAO Kadr\u00e9 D\u00e9sir\u00e9 Ou\u00e9draogo qui a pr\u00e9sid\u00e9 l\u2019ouverture de ce forum dont les participants sont des acteurs clefs intervenant directement dans la chaine de libre circulation des personnes et de leurs biens dans l\u2019espace communautaire. Il s\u2019agit des services de douane, d\u2019immigration et d\u2019int\u00e9gration, des chambres de commerce et d\u2019industrie, du secteur priv\u00e9, de la soci\u00e9t\u00e9 civile, des associations professionnelles r\u00e9gionales ainsi que les institutions r\u00e9gionales tels que la CEDEAO, l\u2019UEMOA, et le CILSS.<\/p>\n\n\n\n<p class=\"wp-block-paragraph\">Selon tous ces acteurs l\u2019ensemble des entraves constat\u00e9es s\u2019explique par la m\u00e9connaissance des textes de la CEDEAO sur la libre circulation des personnes aussi bien par les agents de contr\u00f4le que par les populations elles-m\u00eames.<\/p>\n\n\n\n<p class=\"wp-block-paragraph\">Des pratiques anormales ont \u00e9t\u00e9 aussi list\u00e9es par les participants. Il s\u2019agit de la multiplication des points de contr\u00f4le, les perceptions de frais illicites auxquels s\u2019ajoute le refus de certains \u00c9tats membres d\u2019appliquer les protocoles relatifs au sch\u00e9ma de lib\u00e9ralisation des \u00e9changes de la CEDEAO.<\/p>\n\n\n\n<p class=\"wp-block-paragraph\">Des initiatives sont en cours pour faire face \u00e0 cette situation qui bloque la libre circulation des personnes et de leurs biens dans l\u2019espace pr\u00e9cise le communiqu\u00e9 final du Forum. Parmi ces initiatives figurent l\u2019\u00e9tablissement de la carte d\u2019identit\u00e9 biom\u00e9trique, la suppression de la carte de r\u00e9sidence, l\u2019introduction du manuel sur les protocoles dans les \u00e9coles de formation des forces de s\u00e9curit\u00e9, la r\u00e9vision du protocole<\/p>\n","protected":false},"excerpt":{"rendered":"<p>La libre circulation dans l\u2019espace de la Communaut\u00e9 \u00e9conomique des Etats de l\u2019Afrique de l\u2019Ouest (CEDEAO) \u00e9tait en discussion le 5 juillet \u00e0 Ouagadougou \u00e0 l\u2019occasion du Forum citoyen de Ouagadougou au Burkina Faso qui s\u2019est d\u00e9roul\u00e9 sur trois jours. C\u2019est le Pr\u00e9sident de la Commission de la CEDEAO Kadr\u00e9 D\u00e9sir\u00e9 Ou\u00e9draogo qui a pr\u00e9sid\u00e9 [&hellip;]<\/p>\n","protected":false},"author":1,"featured_media":337,"comment_status":"closed","ping_status":"closed","sticky":false,"template":"","format":"standard","meta":{"ocean_front_end_style_editor":"no","ocean_post_layout":"","ocean_both_sidebars_style":"","ocean_both_sidebars_content_width":0,"ocean_both_sidebars_sidebars_width":0,"ocean_sidebar":"","ocean_second_sidebar":"","ocean_disable_margins":"enable","ocean_add_body_class":"","ocean_shortcode_before_top_bar":"","ocean_shortcode_after_top_bar":"","ocean_shortcode_before_header":"","ocean_shortcode_after_header":"","ocean_has_shortcode":"","ocean_shortcode_after_title":"","ocean_shortcode_before_footer_widgets":"","ocean_shortcode_after_footer_widgets":"","ocean_shortcode_before_footer_bottom":"","ocean_shortcode_after_footer_bottom":"","ocean_display_top_bar":"default","ocean_display_header":"default","ocean_header_style":"","ocean_center_header_left_menu":"","ocean_custom_header_template":"","ocean_custom_logo":0,"ocean_custom_retina_logo":0,"ocean_custom_logo_max_width":0,"ocean_custom_logo_tablet_max_width":0,"ocean_custom_logo_mobile_max_width":0,"ocean_custom_logo_max_height":0,"ocean_custom_logo_tablet_max_height":0,"ocean_custom_logo_mobile_max_height":0,"ocean_header_custom_menu":"","ocean_menu_typo_font_family":"","ocean_menu_typo_font_subset":"","ocean_menu_typo_font_size":0,"ocean_menu_typo_font_size_tablet":0,"ocean_menu_typo_font_size_mobile":0,"ocean_menu_typo_font_size_unit":"px","ocean_menu_typo_font_weight":"","ocean_menu_typo_font_weight_tablet":"","ocean_menu_typo_font_weight_mobile":"","ocean_menu_typo_transform":"","ocean_menu_typo_transform_tablet":"","ocean_menu_typo_transform_mobile":"","ocean_menu_typo_line_height":0,"ocean_menu_typo_line_height_tablet":0,"ocean_menu_typo_line_height_mobile":0,"ocean_menu_typo_line_height_unit":"","ocean_menu_typo_spacing":0,"ocean_menu_typo_spacing_tablet":0,"ocean_menu_typo_spacing_mobile":0,"ocean_menu_typo_spacing_unit":"","ocean_menu_link_color":"","ocean_menu_link_color_hover":"","ocean_menu_link_color_active":"","ocean_menu_link_background":"","ocean_menu_link_hover_background":"","ocean_menu_link_active_background":"","ocean_menu_social_links_bg":"","ocean_menu_social_hover_links_bg":"","ocean_menu_social_links_color":"","ocean_menu_social_hover_links_color":"","ocean_disable_title":"default","ocean_disable_heading":"default","ocean_post_title":"","ocean_post_subheading":"","ocean_post_title_style":"","ocean_post_title_background_color":"","ocean_post_title_background":0,"ocean_post_title_bg_image_position":"","ocean_post_title_bg_image_attachment":"","ocean_post_title_bg_image_repeat":"","ocean_post_title_bg_image_size":"","ocean_post_title_height":0,"ocean_post_title_bg_overlay":0.5,"ocean_post_title_bg_overlay_color":"","ocean_disable_breadcrumbs":"default","ocean_breadcrumbs_color":"","ocean_breadcrumbs_separator_color":"","ocean_breadcrumbs_links_color":"","ocean_breadcrumbs_links_hover_color":"","ocean_display_footer_widgets":"default","ocean_display_footer_bottom":"default","ocean_custom_footer_template":"","ocean_post_oembed":"","ocean_post_self_hosted_media":"","ocean_post_video_embed":"","ocean_link_format":"","ocean_link_format_target":"self","ocean_quote_format":"","ocean_quote_format_link":"post","ocean_gallery_link_images":"on","ocean_gallery_id":[],"footnotes":""},"categories":[14,17],"tags":[],"class_list":["post-89","post","type-post","status-publish","format-standard","has-post-thumbnail","hentry","category-actualites","category-societe-civile","entry","has-media"],"yoast_head":"<!-- This site is optimized with the Yoast SEO plugin v28.4 - https:\/\/yoast.com\/product\/yoast-seo-wordpress\/ -->\n<title>Le Forum citoyen de Ouagadougou dresse la liste des entraves sur la libre circulation dans l\u2019espace CEDEAO - Alternative Espaces Citoyens<\/title>\n<meta name=\"robots\" content=\"index, follow, max-snippet:-1, max-image-preview:large, max-video-preview:-1\" \/>\n<link rel=\"canonical\" href=\"https:\/\/aecniger.org\/index.php\/2015\/07\/07\/le-forum-citoyen-de-ouagadougou-dresse-la-liste-des-entraves-sur-la-libre-circulation-dans-lespace-cedeao\/\" \/>\n<meta property=\"og:locale\" content=\"en_US\" \/>\n<meta property=\"og:type\" content=\"article\" \/>\n<meta property=\"og:title\" content=\"Le Forum citoyen de Ouagadougou dresse la liste des entraves sur la libre circulation dans l\u2019espace CEDEAO - Alternative Espaces Citoyens\" \/>\n<meta property=\"og:description\" content=\"La libre circulation dans l\u2019espace de la Communaut\u00e9 \u00e9conomique des Etats de l\u2019Afrique de l\u2019Ouest (CEDEAO) \u00e9tait en discussion le 5 juillet \u00e0 Ouagadougou \u00e0 l\u2019occasion du Forum citoyen de Ouagadougou au Burkina Faso qui s\u2019est d\u00e9roul\u00e9 sur trois jours. C\u2019est le Pr\u00e9sident de la Commission de la CEDEAO Kadr\u00e9 D\u00e9sir\u00e9 Ou\u00e9draogo qui a pr\u00e9sid\u00e9 [&hellip;]\" \/>\n<meta property=\"og:url\" content=\"https:\/\/aecniger.org\/index.php\/2015\/07\/07\/le-forum-citoyen-de-ouagadougou-dresse-la-liste-des-entraves-sur-la-libre-circulation-dans-lespace-cedeao\/\" \/>\n<meta property=\"og:site_name\" content=\"Alternative Espaces Citoyens\" \/>\n<meta property=\"article:published_time\" content=\"2015-07-07T11:41:00+00:00\" \/>\n<meta property=\"article:modified_time\" content=\"2026-08-05T13:15:49+00:00\" \/>\n<meta property=\"og:image\" content=\"https:\/\/aecniger.org\/wp-content\/uploads\/2026\/08\/ASSEMBLeE-SOCIeTe-CIVILE-DES-PMA-a-ADDIS-ABEBA.jpg\" \/>\n\t<meta property=\"og:image:width\" content=\"425\" \/>\n\t<meta property=\"og:image:height\" content=\"283\" \/>\n\t<meta property=\"og:image:type\" content=\"image\/jpeg\" \/>\n<meta name=\"author\" content=\"admin\" \/>\n<meta name=\"twitter:card\" content=\"summary_large_image\" \/>\n<meta name=\"twitter:label1\" content=\"Written by\" \/>\n\t<meta name=\"twitter:data1\" content=\"admin\" \/>\n\t<meta name=\"twitter:label2\" content=\"Est. reading time\" \/>\n\t<meta name=\"twitter:data2\" content=\"2 minutes\" \/>\n<script type=\"application\/ld+json\" class=\"yoast-schema-graph\">{\"@context\":\"https:\\\/\\\/schema.org\",\"@graph\":[{\"@type\":\"Article\",\"@id\":\"https:\\\/\\\/aecniger.org\\\/index.php\\\/2015\\\/07\\\/07\\\/le-forum-citoyen-de-ouagadougou-dresse-la-liste-des-entraves-sur-la-libre-circulation-dans-lespace-cedeao\\\/#article\",\"isPartOf\":{\"@id\":\"https:\\\/\\\/aecniger.org\\\/index.php\\\/2015\\\/07\\\/07\\\/le-forum-citoyen-de-ouagadougou-dresse-la-liste-des-entraves-sur-la-libre-circulation-dans-lespace-cedeao\\\/\"},\"author\":{\"name\":\"admin\",\"@id\":\"https:\\\/\\\/aecniger.org\\\/#\\\/schema\\\/person\\\/94318d9de7509d5cd03f9b08d13257cb\"},\"headline\":\"Le Forum citoyen de Ouagadougou dresse la liste des entraves sur la libre circulation dans l\u2019espace CEDEAO\",\"datePublished\":\"2015-07-07T11:41:00+00:00\",\"dateModified\":\"2026-08-05T13:15:49+00:00\",\"mainEntityOfPage\":{\"@id\":\"https:\\\/\\\/aecniger.org\\\/index.php\\\/2015\\\/07\\\/07\\\/le-forum-citoyen-de-ouagadougou-dresse-la-liste-des-entraves-sur-la-libre-circulation-dans-lespace-cedeao\\\/\"},\"wordCount\":326,\"image\":{\"@id\":\"https:\\\/\\\/aecniger.org\\\/index.php\\\/2015\\\/07\\\/07\\\/le-forum-citoyen-de-ouagadougou-dresse-la-liste-des-entraves-sur-la-libre-circulation-dans-lespace-cedeao\\\/#primaryimage\"},\"thumbnailUrl\":\"https:\\\/\\\/aecniger.org\\\/wp-content\\\/uploads\\\/2026\\\/08\\\/ASSEMBLeE-SOCIeTe-CIVILE-DES-PMA-a-ADDIS-ABEBA.jpg\",\"articleSection\":[\"Actualit\u00e9s\",\"Soci\u00e9t\u00e9 civile\"],\"inLanguage\":\"en-US\"},{\"@type\":\"WebPage\",\"@id\":\"https:\\\/\\\/aecniger.org\\\/index.php\\\/2015\\\/07\\\/07\\\/le-forum-citoyen-de-ouagadougou-dresse-la-liste-des-entraves-sur-la-libre-circulation-dans-lespace-cedeao\\\/\",\"url\":\"https:\\\/\\\/aecniger.org\\\/index.php\\\/2015\\\/07\\\/07\\\/le-forum-citoyen-de-ouagadougou-dresse-la-liste-des-entraves-sur-la-libre-circulation-dans-lespace-cedeao\\\/\",\"name\":\"Le Forum citoyen de Ouagadougou dresse la liste des entraves sur la libre circulation dans l\u2019espace CEDEAO - Alternative Espaces Citoyens\",\"isPartOf\":{\"@id\":\"https:\\\/\\\/aecniger.org\\\/#website\"},\"primaryImageOfPage\":{\"@id\":\"https:\\\/\\\/aecniger.org\\\/index.php\\\/2015\\\/07\\\/07\\\/le-forum-citoyen-de-ouagadougou-dresse-la-liste-des-entraves-sur-la-libre-circulation-dans-lespace-cedeao\\\/#primaryimage\"},\"image\":{\"@id\":\"https:\\\/\\\/aecniger.org\\\/index.php\\\/2015\\\/07\\\/07\\\/le-forum-citoyen-de-ouagadougou-dresse-la-liste-des-entraves-sur-la-libre-circulation-dans-lespace-cedeao\\\/#primaryimage\"},\"thumbnailUrl\":\"https:\\\/\\\/aecniger.org\\\/wp-content\\\/uploads\\\/2026\\\/08\\\/ASSEMBLeE-SOCIeTe-CIVILE-DES-PMA-a-ADDIS-ABEBA.jpg\",\"datePublished\":\"2015-07-07T11:41:00+00:00\",\"dateModified\":\"2026-08-05T13:15:49+00:00\",\"author\":{\"@id\":\"https:\\\/\\\/aecniger.org\\\/#\\\/schema\\\/person\\\/94318d9de7509d5cd03f9b08d13257cb\"},\"breadcrumb\":{\"@id\":\"https:\\\/\\\/aecniger.org\\\/index.php\\\/2015\\\/07\\\/07\\\/le-forum-citoyen-de-ouagadougou-dresse-la-liste-des-entraves-sur-la-libre-circulation-dans-lespace-cedeao\\\/#breadcrumb\"},\"inLanguage\":\"en-US\",\"potentialAction\":[{\"@type\":\"ReadAction\",\"target\":[\"https:\\\/\\\/aecniger.org\\\/index.php\\\/2015\\\/07\\\/07\\\/le-forum-citoyen-de-ouagadougou-dresse-la-liste-des-entraves-sur-la-libre-circulation-dans-lespace-cedeao\\\/\"]}]},{\"@type\":\"ImageObject\",\"inLanguage\":\"en-US\",\"@id\":\"https:\\\/\\\/aecniger.org\\\/index.php\\\/2015\\\/07\\\/07\\\/le-forum-citoyen-de-ouagadougou-dresse-la-liste-des-entraves-sur-la-libre-circulation-dans-lespace-cedeao\\\/#primaryimage\",\"url\":\"https:\\\/\\\/aecniger.org\\\/wp-content\\\/uploads\\\/2026\\\/08\\\/ASSEMBLeE-SOCIeTe-CIVILE-DES-PMA-a-ADDIS-ABEBA.jpg\",\"contentUrl\":\"https:\\\/\\\/aecniger.org\\\/wp-content\\\/uploads\\\/2026\\\/08\\\/ASSEMBLeE-SOCIeTe-CIVILE-DES-PMA-a-ADDIS-ABEBA.jpg\",\"width\":425,\"height\":283},{\"@type\":\"BreadcrumbList\",\"@id\":\"https:\\\/\\\/aecniger.org\\\/index.php\\\/2015\\\/07\\\/07\\\/le-forum-citoyen-de-ouagadougou-dresse-la-liste-des-entraves-sur-la-libre-circulation-dans-lespace-cedeao\\\/#breadcrumb\",\"itemListElement\":[{\"@type\":\"ListItem\",\"position\":1,\"name\":\"Home\",\"item\":\"https:\\\/\\\/aecniger.org\\\/\"},{\"@type\":\"ListItem\",\"position\":2,\"name\":\"Le Forum citoyen de Ouagadougou dresse la liste des entraves sur la libre circulation dans l\u2019espace CEDEAO\"}]},{\"@type\":\"WebSite\",\"@id\":\"https:\\\/\\\/aecniger.org\\\/#website\",\"url\":\"https:\\\/\\\/aecniger.org\\\/\",\"name\":\"Alternative Espaces Citoyens\",\"description\":\"Ouvrir les portes de l&#039;avenir\",\"potentialAction\":[{\"@type\":\"SearchAction\",\"target\":{\"@type\":\"EntryPoint\",\"urlTemplate\":\"https:\\\/\\\/aecniger.org\\\/?s={search_term_string}\"},\"query-input\":{\"@type\":\"PropertyValueSpecification\",\"valueRequired\":true,\"valueName\":\"search_term_string\"}}],\"inLanguage\":\"en-US\"},{\"@type\":\"Person\",\"@id\":\"https:\\\/\\\/aecniger.org\\\/#\\\/schema\\\/person\\\/94318d9de7509d5cd03f9b08d13257cb\",\"name\":\"admin\",\"image\":{\"@type\":\"ImageObject\",\"inLanguage\":\"en-US\",\"@id\":\"https:\\\/\\\/secure.gravatar.com\\\/avatar\\\/e1813f6959a1a170b1a949741614e491b1076792406d8e256e020f1ca69d550b?s=96&d=mm&r=g\",\"url\":\"https:\\\/\\\/secure.gravatar.com\\\/avatar\\\/e1813f6959a1a170b1a949741614e491b1076792406d8e256e020f1ca69d550b?s=96&d=mm&r=g\",\"contentUrl\":\"https:\\\/\\\/secure.gravatar.com\\\/avatar\\\/e1813f6959a1a170b1a949741614e491b1076792406d8e256e020f1ca69d550b?s=96&d=mm&r=g\",\"caption\":\"admin\"},\"sameAs\":[\"https:\\\/\\\/aecniger.org\"],\"url\":\"https:\\\/\\\/aecniger.org\\\/index.php\\\/author\\\/admin\\\/\"}]}<\/script>\n<!-- \/ Yoast SEO plugin. -->","yoast_head_json":{"title":"Le Forum citoyen de Ouagadougou dresse la liste des entraves sur la libre circulation dans l\u2019espace CEDEAO - Alternative Espaces Citoyens","robots":{"index":"index","follow":"follow","max-snippet":"max-snippet:-1","max-image-preview":"max-image-preview:large","max-video-preview":"max-video-preview:-1"},"canonical":"https:\/\/aecniger.org\/index.php\/2015\/07\/07\/le-forum-citoyen-de-ouagadougou-dresse-la-liste-des-entraves-sur-la-libre-circulation-dans-lespace-cedeao\/","og_locale":"en_US","og_type":"article","og_title":"Le Forum citoyen de Ouagadougou dresse la liste des entraves sur la libre circulation dans l\u2019espace CEDEAO - Alternative Espaces Citoyens","og_description":"La libre circulation dans l\u2019espace de la Communaut\u00e9 \u00e9conomique des Etats de l\u2019Afrique de l\u2019Ouest (CEDEAO) \u00e9tait en discussion le 5 juillet \u00e0 Ouagadougou \u00e0 l\u2019occasion du Forum citoyen de Ouagadougou au Burkina Faso qui s\u2019est d\u00e9roul\u00e9 sur trois jours. C\u2019est le Pr\u00e9sident de la Commission de la CEDEAO Kadr\u00e9 D\u00e9sir\u00e9 Ou\u00e9draogo qui a pr\u00e9sid\u00e9 [&hellip;]","og_url":"https:\/\/aecniger.org\/index.php\/2015\/07\/07\/le-forum-citoyen-de-ouagadougou-dresse-la-liste-des-entraves-sur-la-libre-circulation-dans-lespace-cedeao\/","og_site_name":"Alternative Espaces Citoyens","article_published_time":"2015-07-07T11:41:00+00:00","article_modified_time":"2026-08-05T13:15:49+00:00","og_image":[{"width":425,"height":283,"url":"https:\/\/aecniger.org\/wp-content\/uploads\/2026\/08\/ASSEMBLeE-SOCIeTe-CIVILE-DES-PMA-a-ADDIS-ABEBA.jpg","type":"image\/jpeg"}],"author":"admin","twitter_card":"summary_large_image","twitter_misc":{"Written by":"admin","Est. reading time":"2 minutes"},"schema":{"@context":"https:\/\/schema.org","@graph":[{"@type":"Article","@id":"https:\/\/aecniger.org\/index.php\/2015\/07\/07\/le-forum-citoyen-de-ouagadougou-dresse-la-liste-des-entraves-sur-la-libre-circulation-dans-lespace-cedeao\/#article","isPartOf":{"@id":"https:\/\/aecniger.org\/index.php\/2015\/07\/07\/le-forum-citoyen-de-ouagadougou-dresse-la-liste-des-entraves-sur-la-libre-circulation-dans-lespace-cedeao\/"},"author":{"name":"admin","@id":"https:\/\/aecniger.org\/#\/schema\/person\/94318d9de7509d5cd03f9b08d13257cb"},"headline":"Le Forum citoyen de Ouagadougou dresse la liste des entraves sur la libre circulation dans l\u2019espace CEDEAO","datePublished":"2015-07-07T11:41:00+00:00","dateModified":"2026-08-05T13:15:49+00:00","mainEntityOfPage":{"@id":"https:\/\/aecniger.org\/index.php\/2015\/07\/07\/le-forum-citoyen-de-ouagadougou-dresse-la-liste-des-entraves-sur-la-libre-circulation-dans-lespace-cedeao\/"},"wordCount":326,"image":{"@id":"https:\/\/aecniger.org\/index.php\/2015\/07\/07\/le-forum-citoyen-de-ouagadougou-dresse-la-liste-des-entraves-sur-la-libre-circulation-dans-lespace-cedeao\/#primaryimage"},"thumbnailUrl":"https:\/\/aecniger.org\/wp-content\/uploads\/2026\/08\/ASSEMBLeE-SOCIeTe-CIVILE-DES-PMA-a-ADDIS-ABEBA.jpg","articleSection":["Actualit\u00e9s","Soci\u00e9t\u00e9 civile"],"inLanguage":"en-US"},{"@type":"WebPage","@id":"https:\/\/aecniger.org\/index.php\/2015\/07\/07\/le-forum-citoyen-de-ouagadougou-dresse-la-liste-des-entraves-sur-la-libre-circulation-dans-lespace-cedeao\/","url":"https:\/\/aecniger.org\/index.php\/2015\/07\/07\/le-forum-citoyen-de-ouagadougou-dresse-la-liste-des-entraves-sur-la-libre-circulation-dans-lespace-cedeao\/","name":"Le Forum citoyen de Ouagadougou dresse la liste des entraves sur la libre circulation dans l\u2019espace CEDEAO - Alternative Espaces Citoyens","isPartOf":{"@id":"https:\/\/aecniger.org\/#website"},"primaryImageOfPage":{"@id":"https:\/\/aecniger.org\/index.php\/2015\/07\/07\/le-forum-citoyen-de-ouagadougou-dresse-la-liste-des-entraves-sur-la-libre-circulation-dans-lespace-cedeao\/#primaryimage"},"image":{"@id":"https:\/\/aecniger.org\/index.php\/2015\/07\/07\/le-forum-citoyen-de-ouagadougou-dresse-la-liste-des-entraves-sur-la-libre-circulation-dans-lespace-cedeao\/#primaryimage"},"thumbnailUrl":"https:\/\/aecniger.org\/wp-content\/uploads\/2026\/08\/ASSEMBLeE-SOCIeTe-CIVILE-DES-PMA-a-ADDIS-ABEBA.jpg","datePublished":"2015-07-07T11:41:00+00:00","dateModified":"2026-08-05T13:15:49+00:00","author":{"@id":"https:\/\/aecniger.org\/#\/schema\/person\/94318d9de7509d5cd03f9b08d13257cb"},"breadcrumb":{"@id":"https:\/\/aecniger.org\/index.php\/2015\/07\/07\/le-forum-citoyen-de-ouagadougou-dresse-la-liste-des-entraves-sur-la-libre-circulation-dans-lespace-cedeao\/#breadcrumb"},"inLanguage":"en-US","potentialAction":[{"@type":"ReadAction","target":["https:\/\/aecniger.org\/index.php\/2015\/07\/07\/le-forum-citoyen-de-ouagadougou-dresse-la-liste-des-entraves-sur-la-libre-circulation-dans-lespace-cedeao\/"]}]},{"@type":"ImageObject","inLanguage":"en-US","@id":"https:\/\/aecniger.org\/index.php\/2015\/07\/07\/le-forum-citoyen-de-ouagadougou-dresse-la-liste-des-entraves-sur-la-libre-circulation-dans-lespace-cedeao\/#primaryimage","url":"https:\/\/aecniger.org\/wp-content\/uploads\/2026\/08\/ASSEMBLeE-SOCIeTe-CIVILE-DES-PMA-a-ADDIS-ABEBA.jpg","contentUrl":"https:\/\/aecniger.org\/wp-content\/uploads\/2026\/08\/ASSEMBLeE-SOCIeTe-CIVILE-DES-PMA-a-ADDIS-ABEBA.jpg","width":425,"height":283},{"@type":"BreadcrumbList","@id":"https:\/\/aecniger.org\/index.php\/2015\/07\/07\/le-forum-citoyen-de-ouagadougou-dresse-la-liste-des-entraves-sur-la-libre-circulation-dans-lespace-cedeao\/#breadcrumb","itemListElement":[{"@type":"ListItem","position":1,"name":"Home","item":"https:\/\/aecniger.org\/"},{"@type":"ListItem","position":2,"name":"Le Forum citoyen de Ouagadougou dresse la liste des entraves sur la libre circulation dans l\u2019espace CEDEAO"}]},{"@type":"WebSite","@id":"https:\/\/aecniger.org\/#website","url":"https:\/\/aecniger.org\/","name":"Alternative Espaces Citoyens","description":"Ouvrir les portes de l&#039;avenir","potentialAction":[{"@type":"SearchAction","target":{"@type":"EntryPoint","urlTemplate":"https:\/\/aecniger.org\/?s={search_term_string}"},"query-input":{"@type":"PropertyValueSpecification","valueRequired":true,"valueName":"search_term_string"}}],"inLanguage":"en-US"},{"@type":"Person","@id":"https:\/\/aecniger.org\/#\/schema\/person\/94318d9de7509d5cd03f9b08d13257cb","name":"admin","image":{"@type":"ImageObject","inLanguage":"en-US","@id":"https:\/\/secure.gravatar.com\/avatar\/e1813f6959a1a170b1a949741614e491b1076792406d8e256e020f1ca69d550b?s=96&d=mm&r=g","url":"https:\/\/secure.gravatar.com\/avatar\/e1813f6959a1a170b1a949741614e491b1076792406d8e256e020f1ca69d550b?s=96&d=mm&r=g","contentUrl":"https:\/\/secure.gravatar.com\/avatar\/e1813f6959a1a170b1a949741614e491b1076792406d8e256e020f1ca69d550b?s=96&d=mm&r=g","caption":"admin"},"sameAs":["https:\/\/aecniger.org"],"url":"https:\/\/aecniger.org\/index.php\/author\/admin\/"}]}},"_links":{"self":[{"href":"https:\/\/aecniger.org\/index.php\/wp-json\/wp\/v2\/posts\/89","targetHints":{"allow":["GET"]}}],"collection":[{"href":"https:\/\/aecniger.org\/index.php\/wp-json\/wp\/v2\/posts"}],"about":[{"href":"https:\/\/aecniger.org\/index.php\/wp-json\/wp\/v2\/types\/post"}],"author":[{"embeddable":true,"href":"https:\/\/aecniger.org\/index.php\/wp-json\/wp\/v2\/users\/1"}],"replies":[{"embeddable":true,"href":"https:\/\/aecniger.org\/index.php\/wp-json\/wp\/v2\/comments?post=89"}],"version-history":[{"count":1,"href":"https:\/\/aecniger.org\/index.php\/wp-json\/wp\/v2\/posts\/89\/revisions"}],"predecessor-version":[{"id":91,"href":"https:\/\/aecniger.org\/index.php\/wp-json\/wp\/v2\/posts\/89\/revisions\/91"}],"wp:featuredmedia":[{"embeddable":true,"href":"https:\/\/aecniger.org\/index.php\/wp-json\/wp\/v2\/media\/337"}],"wp:attachment":[{"href":"https:\/\/aecniger.org\/index.php\/wp-json\/wp\/v2\/media?parent=89"}],"wp:term":[{"taxonomy":"category","embeddable":true,"href":"https:\/\/aecniger.org\/index.php\/wp-json\/wp\/v2\/categories?post=89"},{"taxonomy":"post_tag","embeddable":true,"href":"https:\/\/aecniger.org\/index.php\/wp-json\/wp\/v2\/tags?post=89"}],"curies":[{"name":"wp","href":"https:\/\/api.w.org\/{rel}","templated":true}]}}