{"id":86,"date":"2015-01-08T13:38:00","date_gmt":"2015-01-08T12:38:00","guid":{"rendered":"https:\/\/aecniger.org\/?p=86"},"modified":"2026-08-05T15:20:43","modified_gmt":"2026-08-05T13:20:43","slug":"des-organisations-de-la-societe-civile-lancent-la-semaine-de-la-mobilite-dans-lespace-cedeao","status":"publish","type":"post","link":"https:\/\/aecniger.org\/index.php\/2015\/01\/08\/des-organisations-de-la-societe-civile-lancent-la-semaine-de-la-mobilite-dans-lespace-cedeao\/","title":{"rendered":"Des organisations de la soci\u00e9t\u00e9 civile lancent la semaine de la mobilit\u00e9 dans l\u2019espace CEDEAO"},"content":{"rendered":"\n<p class=\"wp-block-paragraph\">Un collectif des organisations de la soci\u00e9t\u00e9 civile de France, du Maghreb et de l\u2019Afrique de l\u2019ouest qui \u0153uvrent pour la protection des droits des migrants a lanc\u00e9 vendredi \u00e0 Cocody \u00e0 Abidjan la semaine de mobilit\u00e9 pour sensibiliser les populations sur la libre circulation dans l\u2019espace de la Communaut\u00e9 \u00e9conomique de l\u2019Afrique de l\u2019Ouest (CEDEAO).<\/p>\n\n\n\n<p class=\"wp-block-paragraph\">Dans son allocution, le coordonnateur sous-r\u00e9gional de cette op\u00e9ration, M.&nbsp;Boulama Hamadou Tcherno a d\u00e9nonc\u00e9 les entraves que vivent les voyageurs lors des travers\u00e9es des fronti\u00e8res.&nbsp;<em>\u00ab&nbsp;La libre circulation dans l\u2019espace est entrav\u00e9e, les droits des migrants sont viol\u00e9s et cela malgr\u00e9 l\u2019existence d\u2019un cadre juridique&nbsp;\u00bb<\/em>, a-t-il d\u00e9clar\u00e9.<\/p>\n\n\n\n<ol start=\"1\" class=\"wp-block-list\">\n<li>Tcherno qui au passage a regrett\u00e9 l\u2019\u00e9chec de la plupart des volont\u00e9s a tir\u00e9 la sonnette d\u2019alarme en appelant les dirigeants de la sous-r\u00e9gion, de l\u2019Afrique et surtout des acteurs de la soci\u00e9t\u00e9 civile sur l\u2019urgence \u00e0 se mobiliser face \u00e0 cette situation pour r\u00e9tablir les droits des migrants lors des voyages.<\/li>\n<\/ol>\n\n\n\n<p class=\"wp-block-paragraph\">Selon toujours le coordonnateur sous-r\u00e9gional de cette campagne, au-del\u00e0 de ce projet leur campagne touche le racket et la corruption et qu\u2019il faut retirer les mauvaises graines.<\/p>\n\n\n\n<p class=\"wp-block-paragraph\"><em>\u00ab&nbsp;Ensemble b\u00e2tissons une CEDEAO sans fronti\u00e8re&nbsp;\u00bb<\/em>, sugg\u00e8re Christophe Kouam\u00e9, coordonnateur national de la Convention de la Soci\u00e9t\u00e9 civile et de la convention ivoirienne (CSCI).<\/p>\n\n\n\n<p class=\"wp-block-paragraph\">Tout au long de cette semaine de mobilit\u00e9 dans l\u2019espace CEDEAO sera projet\u00e9 le film documentaire sur les difficult\u00e9s li\u00e9es \u00e0 la travers\u00e9e du d\u00e9sert, d\u2019une caravane de mobilit\u00e9 sur l\u2019axe Abidjan-No\u00e9. Une sensibilisation des populations de la fronti\u00e8re ivoiro-ghan\u00e9enne est aussi pr\u00e9vue.<\/p>\n\n\n\n<p class=\"wp-block-paragraph\"><\/p>\n","protected":false},"excerpt":{"rendered":"<p>Un collectif des organisations de la soci\u00e9t\u00e9 civile de France, du Maghreb et de l\u2019Afrique de l\u2019ouest qui \u0153uvrent pour la protection des droits des migrants a lanc\u00e9 vendredi \u00e0 Cocody \u00e0 Abidjan la semaine de mobilit\u00e9 pour sensibiliser les populations sur la libre circulation dans l\u2019espace de la Communaut\u00e9 \u00e9conomique de l\u2019Afrique de l\u2019Ouest [&hellip;]<\/p>\n","protected":false},"author":1,"featured_media":341,"comment_status":"closed","ping_status":"closed","sticky":false,"template":"","format":"standard","meta":{"ocean_front_end_style_editor":"no","ocean_post_layout":"","ocean_both_sidebars_style":"","ocean_both_sidebars_content_width":0,"ocean_both_sidebars_sidebars_width":0,"ocean_sidebar":"","ocean_second_sidebar":"","ocean_disable_margins":"enable","ocean_add_body_class":"","ocean_shortcode_before_top_bar":"","ocean_shortcode_after_top_bar":"","ocean_shortcode_before_header":"","ocean_shortcode_after_header":"","ocean_has_shortcode":"","ocean_shortcode_after_title":"","ocean_shortcode_before_footer_widgets":"","ocean_shortcode_after_footer_widgets":"","ocean_shortcode_before_footer_bottom":"","ocean_shortcode_after_footer_bottom":"","ocean_display_top_bar":"default","ocean_display_header":"default","ocean_header_style":"","ocean_center_header_left_menu":"","ocean_custom_header_template":"","ocean_custom_logo":0,"ocean_custom_retina_logo":0,"ocean_custom_logo_max_width":0,"ocean_custom_logo_tablet_max_width":0,"ocean_custom_logo_mobile_max_width":0,"ocean_custom_logo_max_height":0,"ocean_custom_logo_tablet_max_height":0,"ocean_custom_logo_mobile_max_height":0,"ocean_header_custom_menu":"","ocean_menu_typo_font_family":"","ocean_menu_typo_font_subset":"","ocean_menu_typo_font_size":0,"ocean_menu_typo_font_size_tablet":0,"ocean_menu_typo_font_size_mobile":0,"ocean_menu_typo_font_size_unit":"px","ocean_menu_typo_font_weight":"","ocean_menu_typo_font_weight_tablet":"","ocean_menu_typo_font_weight_mobile":"","ocean_menu_typo_transform":"","ocean_menu_typo_transform_tablet":"","ocean_menu_typo_transform_mobile":"","ocean_menu_typo_line_height":0,"ocean_menu_typo_line_height_tablet":0,"ocean_menu_typo_line_height_mobile":0,"ocean_menu_typo_line_height_unit":"","ocean_menu_typo_spacing":0,"ocean_menu_typo_spacing_tablet":0,"ocean_menu_typo_spacing_mobile":0,"ocean_menu_typo_spacing_unit":"","ocean_menu_link_color":"","ocean_menu_link_color_hover":"","ocean_menu_link_color_active":"","ocean_menu_link_background":"","ocean_menu_link_hover_background":"","ocean_menu_link_active_background":"","ocean_menu_social_links_bg":"","ocean_menu_social_hover_links_bg":"","ocean_menu_social_links_color":"","ocean_menu_social_hover_links_color":"","ocean_disable_title":"default","ocean_disable_heading":"default","ocean_post_title":"","ocean_post_subheading":"","ocean_post_title_style":"","ocean_post_title_background_color":"","ocean_post_title_background":0,"ocean_post_title_bg_image_position":"","ocean_post_title_bg_image_attachment":"","ocean_post_title_bg_image_repeat":"","ocean_post_title_bg_image_size":"","ocean_post_title_height":0,"ocean_post_title_bg_overlay":0.5,"ocean_post_title_bg_overlay_color":"","ocean_disable_breadcrumbs":"default","ocean_breadcrumbs_color":"","ocean_breadcrumbs_separator_color":"","ocean_breadcrumbs_links_color":"","ocean_breadcrumbs_links_hover_color":"","ocean_display_footer_widgets":"default","ocean_display_footer_bottom":"default","ocean_custom_footer_template":"","ocean_post_oembed":"","ocean_post_self_hosted_media":"","ocean_post_video_embed":"","ocean_link_format":"","ocean_link_format_target":"self","ocean_quote_format":"","ocean_quote_format_link":"post","ocean_gallery_link_images":"on","ocean_gallery_id":[],"footnotes":""},"categories":[14,17],"tags":[],"class_list":["post-86","post","type-post","status-publish","format-standard","has-post-thumbnail","hentry","category-actualites","category-societe-civile","entry","has-media"],"yoast_head":"<!-- This site is optimized with the Yoast SEO plugin v28.4 - https:\/\/yoast.com\/product\/yoast-seo-wordpress\/ -->\n<title>Des organisations de la soci\u00e9t\u00e9 civile lancent la semaine de la mobilit\u00e9 dans l\u2019espace CEDEAO - Alternative Espaces Citoyens<\/title>\n<meta name=\"robots\" content=\"index, follow, max-snippet:-1, max-image-preview:large, max-video-preview:-1\" \/>\n<link rel=\"canonical\" href=\"https:\/\/aecniger.org\/index.php\/2015\/01\/08\/des-organisations-de-la-societe-civile-lancent-la-semaine-de-la-mobilite-dans-lespace-cedeao\/\" \/>\n<meta property=\"og:locale\" content=\"en_US\" \/>\n<meta property=\"og:type\" content=\"article\" \/>\n<meta property=\"og:title\" content=\"Des organisations de la soci\u00e9t\u00e9 civile lancent la semaine de la mobilit\u00e9 dans l\u2019espace CEDEAO - Alternative Espaces Citoyens\" \/>\n<meta property=\"og:description\" content=\"Un collectif des organisations de la soci\u00e9t\u00e9 civile de France, du Maghreb et de l\u2019Afrique de l\u2019ouest qui \u0153uvrent pour la protection des droits des migrants a lanc\u00e9 vendredi \u00e0 Cocody \u00e0 Abidjan la semaine de mobilit\u00e9 pour sensibiliser les populations sur la libre circulation dans l\u2019espace de la Communaut\u00e9 \u00e9conomique de l\u2019Afrique de l\u2019Ouest [&hellip;]\" \/>\n<meta property=\"og:url\" content=\"https:\/\/aecniger.org\/index.php\/2015\/01\/08\/des-organisations-de-la-societe-civile-lancent-la-semaine-de-la-mobilite-dans-lespace-cedeao\/\" \/>\n<meta property=\"og:site_name\" content=\"Alternative Espaces Citoyens\" \/>\n<meta property=\"article:published_time\" content=\"2015-01-08T12:38:00+00:00\" \/>\n<meta property=\"article:modified_time\" content=\"2026-08-05T13:20:43+00:00\" \/>\n<meta property=\"og:image\" content=\"https:\/\/aecniger.org\/wp-content\/uploads\/2015\/01\/PROMOTION-DES-DROITS-DES-MIGRANTS.jpg\" \/>\n\t<meta property=\"og:image:width\" content=\"340\" \/>\n\t<meta property=\"og:image:height\" content=\"206\" \/>\n\t<meta property=\"og:image:type\" content=\"image\/jpeg\" \/>\n<meta name=\"author\" content=\"admin\" \/>\n<meta name=\"twitter:card\" content=\"summary_large_image\" \/>\n<meta name=\"twitter:label1\" content=\"Written by\" \/>\n\t<meta name=\"twitter:data1\" content=\"admin\" \/>\n\t<meta name=\"twitter:label2\" content=\"Est. reading time\" \/>\n\t<meta name=\"twitter:data2\" content=\"2 minutes\" \/>\n<script type=\"application\/ld+json\" class=\"yoast-schema-graph\">{\"@context\":\"https:\\\/\\\/schema.org\",\"@graph\":[{\"@type\":\"Article\",\"@id\":\"https:\\\/\\\/aecniger.org\\\/index.php\\\/2015\\\/01\\\/08\\\/des-organisations-de-la-societe-civile-lancent-la-semaine-de-la-mobilite-dans-lespace-cedeao\\\/#article\",\"isPartOf\":{\"@id\":\"https:\\\/\\\/aecniger.org\\\/index.php\\\/2015\\\/01\\\/08\\\/des-organisations-de-la-societe-civile-lancent-la-semaine-de-la-mobilite-dans-lespace-cedeao\\\/\"},\"author\":{\"name\":\"admin\",\"@id\":\"https:\\\/\\\/aecniger.org\\\/#\\\/schema\\\/person\\\/94318d9de7509d5cd03f9b08d13257cb\"},\"headline\":\"Des organisations de la soci\u00e9t\u00e9 civile lancent la semaine de la mobilit\u00e9 dans l\u2019espace CEDEAO\",\"datePublished\":\"2015-01-08T12:38:00+00:00\",\"dateModified\":\"2026-08-05T13:20:43+00:00\",\"mainEntityOfPage\":{\"@id\":\"https:\\\/\\\/aecniger.org\\\/index.php\\\/2015\\\/01\\\/08\\\/des-organisations-de-la-societe-civile-lancent-la-semaine-de-la-mobilite-dans-lespace-cedeao\\\/\"},\"wordCount\":309,\"image\":{\"@id\":\"https:\\\/\\\/aecniger.org\\\/index.php\\\/2015\\\/01\\\/08\\\/des-organisations-de-la-societe-civile-lancent-la-semaine-de-la-mobilite-dans-lespace-cedeao\\\/#primaryimage\"},\"thumbnailUrl\":\"https:\\\/\\\/aecniger.org\\\/wp-content\\\/uploads\\\/2015\\\/01\\\/PROMOTION-DES-DROITS-DES-MIGRANTS.jpg\",\"articleSection\":[\"Actualit\u00e9s\",\"Soci\u00e9t\u00e9 civile\"],\"inLanguage\":\"en-US\"},{\"@type\":\"WebPage\",\"@id\":\"https:\\\/\\\/aecniger.org\\\/index.php\\\/2015\\\/01\\\/08\\\/des-organisations-de-la-societe-civile-lancent-la-semaine-de-la-mobilite-dans-lespace-cedeao\\\/\",\"url\":\"https:\\\/\\\/aecniger.org\\\/index.php\\\/2015\\\/01\\\/08\\\/des-organisations-de-la-societe-civile-lancent-la-semaine-de-la-mobilite-dans-lespace-cedeao\\\/\",\"name\":\"Des organisations de la soci\u00e9t\u00e9 civile lancent la semaine de la mobilit\u00e9 dans l\u2019espace CEDEAO - Alternative Espaces Citoyens\",\"isPartOf\":{\"@id\":\"https:\\\/\\\/aecniger.org\\\/#website\"},\"primaryImageOfPage\":{\"@id\":\"https:\\\/\\\/aecniger.org\\\/index.php\\\/2015\\\/01\\\/08\\\/des-organisations-de-la-societe-civile-lancent-la-semaine-de-la-mobilite-dans-lespace-cedeao\\\/#primaryimage\"},\"image\":{\"@id\":\"https:\\\/\\\/aecniger.org\\\/index.php\\\/2015\\\/01\\\/08\\\/des-organisations-de-la-societe-civile-lancent-la-semaine-de-la-mobilite-dans-lespace-cedeao\\\/#primaryimage\"},\"thumbnailUrl\":\"https:\\\/\\\/aecniger.org\\\/wp-content\\\/uploads\\\/2015\\\/01\\\/PROMOTION-DES-DROITS-DES-MIGRANTS.jpg\",\"datePublished\":\"2015-01-08T12:38:00+00:00\",\"dateModified\":\"2026-08-05T13:20:43+00:00\",\"author\":{\"@id\":\"https:\\\/\\\/aecniger.org\\\/#\\\/schema\\\/person\\\/94318d9de7509d5cd03f9b08d13257cb\"},\"breadcrumb\":{\"@id\":\"https:\\\/\\\/aecniger.org\\\/index.php\\\/2015\\\/01\\\/08\\\/des-organisations-de-la-societe-civile-lancent-la-semaine-de-la-mobilite-dans-lespace-cedeao\\\/#breadcrumb\"},\"inLanguage\":\"en-US\",\"potentialAction\":[{\"@type\":\"ReadAction\",\"target\":[\"https:\\\/\\\/aecniger.org\\\/index.php\\\/2015\\\/01\\\/08\\\/des-organisations-de-la-societe-civile-lancent-la-semaine-de-la-mobilite-dans-lespace-cedeao\\\/\"]}]},{\"@type\":\"ImageObject\",\"inLanguage\":\"en-US\",\"@id\":\"https:\\\/\\\/aecniger.org\\\/index.php\\\/2015\\\/01\\\/08\\\/des-organisations-de-la-societe-civile-lancent-la-semaine-de-la-mobilite-dans-lespace-cedeao\\\/#primaryimage\",\"url\":\"https:\\\/\\\/aecniger.org\\\/wp-content\\\/uploads\\\/2015\\\/01\\\/PROMOTION-DES-DROITS-DES-MIGRANTS.jpg\",\"contentUrl\":\"https:\\\/\\\/aecniger.org\\\/wp-content\\\/uploads\\\/2015\\\/01\\\/PROMOTION-DES-DROITS-DES-MIGRANTS.jpg\",\"width\":340,\"height\":206,\"caption\":\"OLYMPUS DIGITAL CAMERA\"},{\"@type\":\"BreadcrumbList\",\"@id\":\"https:\\\/\\\/aecniger.org\\\/index.php\\\/2015\\\/01\\\/08\\\/des-organisations-de-la-societe-civile-lancent-la-semaine-de-la-mobilite-dans-lespace-cedeao\\\/#breadcrumb\",\"itemListElement\":[{\"@type\":\"ListItem\",\"position\":1,\"name\":\"Home\",\"item\":\"https:\\\/\\\/aecniger.org\\\/\"},{\"@type\":\"ListItem\",\"position\":2,\"name\":\"Des organisations de la soci\u00e9t\u00e9 civile lancent la semaine de la mobilit\u00e9 dans l\u2019espace CEDEAO\"}]},{\"@type\":\"WebSite\",\"@id\":\"https:\\\/\\\/aecniger.org\\\/#website\",\"url\":\"https:\\\/\\\/aecniger.org\\\/\",\"name\":\"Alternative Espaces Citoyens\",\"description\":\"Ouvrir les portes de l&#039;avenir\",\"potentialAction\":[{\"@type\":\"SearchAction\",\"target\":{\"@type\":\"EntryPoint\",\"urlTemplate\":\"https:\\\/\\\/aecniger.org\\\/?s={search_term_string}\"},\"query-input\":{\"@type\":\"PropertyValueSpecification\",\"valueRequired\":true,\"valueName\":\"search_term_string\"}}],\"inLanguage\":\"en-US\"},{\"@type\":\"Person\",\"@id\":\"https:\\\/\\\/aecniger.org\\\/#\\\/schema\\\/person\\\/94318d9de7509d5cd03f9b08d13257cb\",\"name\":\"admin\",\"image\":{\"@type\":\"ImageObject\",\"inLanguage\":\"en-US\",\"@id\":\"https:\\\/\\\/secure.gravatar.com\\\/avatar\\\/e1813f6959a1a170b1a949741614e491b1076792406d8e256e020f1ca69d550b?s=96&d=mm&r=g\",\"url\":\"https:\\\/\\\/secure.gravatar.com\\\/avatar\\\/e1813f6959a1a170b1a949741614e491b1076792406d8e256e020f1ca69d550b?s=96&d=mm&r=g\",\"contentUrl\":\"https:\\\/\\\/secure.gravatar.com\\\/avatar\\\/e1813f6959a1a170b1a949741614e491b1076792406d8e256e020f1ca69d550b?s=96&d=mm&r=g\",\"caption\":\"admin\"},\"sameAs\":[\"https:\\\/\\\/aecniger.org\"],\"url\":\"https:\\\/\\\/aecniger.org\\\/index.php\\\/author\\\/admin\\\/\"}]}<\/script>\n<!-- \/ Yoast SEO plugin. -->","yoast_head_json":{"title":"Des organisations de la soci\u00e9t\u00e9 civile lancent la semaine de la mobilit\u00e9 dans l\u2019espace CEDEAO - Alternative Espaces Citoyens","robots":{"index":"index","follow":"follow","max-snippet":"max-snippet:-1","max-image-preview":"max-image-preview:large","max-video-preview":"max-video-preview:-1"},"canonical":"https:\/\/aecniger.org\/index.php\/2015\/01\/08\/des-organisations-de-la-societe-civile-lancent-la-semaine-de-la-mobilite-dans-lespace-cedeao\/","og_locale":"en_US","og_type":"article","og_title":"Des organisations de la soci\u00e9t\u00e9 civile lancent la semaine de la mobilit\u00e9 dans l\u2019espace CEDEAO - Alternative Espaces Citoyens","og_description":"Un collectif des organisations de la soci\u00e9t\u00e9 civile de France, du Maghreb et de l\u2019Afrique de l\u2019ouest qui \u0153uvrent pour la protection des droits des migrants a lanc\u00e9 vendredi \u00e0 Cocody \u00e0 Abidjan la semaine de mobilit\u00e9 pour sensibiliser les populations sur la libre circulation dans l\u2019espace de la Communaut\u00e9 \u00e9conomique de l\u2019Afrique de l\u2019Ouest [&hellip;]","og_url":"https:\/\/aecniger.org\/index.php\/2015\/01\/08\/des-organisations-de-la-societe-civile-lancent-la-semaine-de-la-mobilite-dans-lespace-cedeao\/","og_site_name":"Alternative Espaces Citoyens","article_published_time":"2015-01-08T12:38:00+00:00","article_modified_time":"2026-08-05T13:20:43+00:00","og_image":[{"width":340,"height":206,"url":"https:\/\/aecniger.org\/wp-content\/uploads\/2015\/01\/PROMOTION-DES-DROITS-DES-MIGRANTS.jpg","type":"image\/jpeg"}],"author":"admin","twitter_card":"summary_large_image","twitter_misc":{"Written by":"admin","Est. reading time":"2 minutes"},"schema":{"@context":"https:\/\/schema.org","@graph":[{"@type":"Article","@id":"https:\/\/aecniger.org\/index.php\/2015\/01\/08\/des-organisations-de-la-societe-civile-lancent-la-semaine-de-la-mobilite-dans-lespace-cedeao\/#article","isPartOf":{"@id":"https:\/\/aecniger.org\/index.php\/2015\/01\/08\/des-organisations-de-la-societe-civile-lancent-la-semaine-de-la-mobilite-dans-lespace-cedeao\/"},"author":{"name":"admin","@id":"https:\/\/aecniger.org\/#\/schema\/person\/94318d9de7509d5cd03f9b08d13257cb"},"headline":"Des organisations de la soci\u00e9t\u00e9 civile lancent la semaine de la mobilit\u00e9 dans l\u2019espace CEDEAO","datePublished":"2015-01-08T12:38:00+00:00","dateModified":"2026-08-05T13:20:43+00:00","mainEntityOfPage":{"@id":"https:\/\/aecniger.org\/index.php\/2015\/01\/08\/des-organisations-de-la-societe-civile-lancent-la-semaine-de-la-mobilite-dans-lespace-cedeao\/"},"wordCount":309,"image":{"@id":"https:\/\/aecniger.org\/index.php\/2015\/01\/08\/des-organisations-de-la-societe-civile-lancent-la-semaine-de-la-mobilite-dans-lespace-cedeao\/#primaryimage"},"thumbnailUrl":"https:\/\/aecniger.org\/wp-content\/uploads\/2015\/01\/PROMOTION-DES-DROITS-DES-MIGRANTS.jpg","articleSection":["Actualit\u00e9s","Soci\u00e9t\u00e9 civile"],"inLanguage":"en-US"},{"@type":"WebPage","@id":"https:\/\/aecniger.org\/index.php\/2015\/01\/08\/des-organisations-de-la-societe-civile-lancent-la-semaine-de-la-mobilite-dans-lespace-cedeao\/","url":"https:\/\/aecniger.org\/index.php\/2015\/01\/08\/des-organisations-de-la-societe-civile-lancent-la-semaine-de-la-mobilite-dans-lespace-cedeao\/","name":"Des organisations de la soci\u00e9t\u00e9 civile lancent la semaine de la mobilit\u00e9 dans l\u2019espace CEDEAO - Alternative Espaces Citoyens","isPartOf":{"@id":"https:\/\/aecniger.org\/#website"},"primaryImageOfPage":{"@id":"https:\/\/aecniger.org\/index.php\/2015\/01\/08\/des-organisations-de-la-societe-civile-lancent-la-semaine-de-la-mobilite-dans-lespace-cedeao\/#primaryimage"},"image":{"@id":"https:\/\/aecniger.org\/index.php\/2015\/01\/08\/des-organisations-de-la-societe-civile-lancent-la-semaine-de-la-mobilite-dans-lespace-cedeao\/#primaryimage"},"thumbnailUrl":"https:\/\/aecniger.org\/wp-content\/uploads\/2015\/01\/PROMOTION-DES-DROITS-DES-MIGRANTS.jpg","datePublished":"2015-01-08T12:38:00+00:00","dateModified":"2026-08-05T13:20:43+00:00","author":{"@id":"https:\/\/aecniger.org\/#\/schema\/person\/94318d9de7509d5cd03f9b08d13257cb"},"breadcrumb":{"@id":"https:\/\/aecniger.org\/index.php\/2015\/01\/08\/des-organisations-de-la-societe-civile-lancent-la-semaine-de-la-mobilite-dans-lespace-cedeao\/#breadcrumb"},"inLanguage":"en-US","potentialAction":[{"@type":"ReadAction","target":["https:\/\/aecniger.org\/index.php\/2015\/01\/08\/des-organisations-de-la-societe-civile-lancent-la-semaine-de-la-mobilite-dans-lespace-cedeao\/"]}]},{"@type":"ImageObject","inLanguage":"en-US","@id":"https:\/\/aecniger.org\/index.php\/2015\/01\/08\/des-organisations-de-la-societe-civile-lancent-la-semaine-de-la-mobilite-dans-lespace-cedeao\/#primaryimage","url":"https:\/\/aecniger.org\/wp-content\/uploads\/2015\/01\/PROMOTION-DES-DROITS-DES-MIGRANTS.jpg","contentUrl":"https:\/\/aecniger.org\/wp-content\/uploads\/2015\/01\/PROMOTION-DES-DROITS-DES-MIGRANTS.jpg","width":340,"height":206,"caption":"OLYMPUS DIGITAL CAMERA"},{"@type":"BreadcrumbList","@id":"https:\/\/aecniger.org\/index.php\/2015\/01\/08\/des-organisations-de-la-societe-civile-lancent-la-semaine-de-la-mobilite-dans-lespace-cedeao\/#breadcrumb","itemListElement":[{"@type":"ListItem","position":1,"name":"Home","item":"https:\/\/aecniger.org\/"},{"@type":"ListItem","position":2,"name":"Des organisations de la soci\u00e9t\u00e9 civile lancent la semaine de la mobilit\u00e9 dans l\u2019espace CEDEAO"}]},{"@type":"WebSite","@id":"https:\/\/aecniger.org\/#website","url":"https:\/\/aecniger.org\/","name":"Alternative Espaces Citoyens","description":"Ouvrir les portes de l&#039;avenir","potentialAction":[{"@type":"SearchAction","target":{"@type":"EntryPoint","urlTemplate":"https:\/\/aecniger.org\/?s={search_term_string}"},"query-input":{"@type":"PropertyValueSpecification","valueRequired":true,"valueName":"search_term_string"}}],"inLanguage":"en-US"},{"@type":"Person","@id":"https:\/\/aecniger.org\/#\/schema\/person\/94318d9de7509d5cd03f9b08d13257cb","name":"admin","image":{"@type":"ImageObject","inLanguage":"en-US","@id":"https:\/\/secure.gravatar.com\/avatar\/e1813f6959a1a170b1a949741614e491b1076792406d8e256e020f1ca69d550b?s=96&d=mm&r=g","url":"https:\/\/secure.gravatar.com\/avatar\/e1813f6959a1a170b1a949741614e491b1076792406d8e256e020f1ca69d550b?s=96&d=mm&r=g","contentUrl":"https:\/\/secure.gravatar.com\/avatar\/e1813f6959a1a170b1a949741614e491b1076792406d8e256e020f1ca69d550b?s=96&d=mm&r=g","caption":"admin"},"sameAs":["https:\/\/aecniger.org"],"url":"https:\/\/aecniger.org\/index.php\/author\/admin\/"}]}},"_links":{"self":[{"href":"https:\/\/aecniger.org\/index.php\/wp-json\/wp\/v2\/posts\/86","targetHints":{"allow":["GET"]}}],"collection":[{"href":"https:\/\/aecniger.org\/index.php\/wp-json\/wp\/v2\/posts"}],"about":[{"href":"https:\/\/aecniger.org\/index.php\/wp-json\/wp\/v2\/types\/post"}],"author":[{"embeddable":true,"href":"https:\/\/aecniger.org\/index.php\/wp-json\/wp\/v2\/users\/1"}],"replies":[{"embeddable":true,"href":"https:\/\/aecniger.org\/index.php\/wp-json\/wp\/v2\/comments?post=86"}],"version-history":[{"count":1,"href":"https:\/\/aecniger.org\/index.php\/wp-json\/wp\/v2\/posts\/86\/revisions"}],"predecessor-version":[{"id":88,"href":"https:\/\/aecniger.org\/index.php\/wp-json\/wp\/v2\/posts\/86\/revisions\/88"}],"wp:featuredmedia":[{"embeddable":true,"href":"https:\/\/aecniger.org\/index.php\/wp-json\/wp\/v2\/media\/341"}],"wp:attachment":[{"href":"https:\/\/aecniger.org\/index.php\/wp-json\/wp\/v2\/media?parent=86"}],"wp:term":[{"taxonomy":"category","embeddable":true,"href":"https:\/\/aecniger.org\/index.php\/wp-json\/wp\/v2\/categories?post=86"},{"taxonomy":"post_tag","embeddable":true,"href":"https:\/\/aecniger.org\/index.php\/wp-json\/wp\/v2\/tags?post=86"}],"curies":[{"name":"wp","href":"https:\/\/api.w.org\/{rel}","templated":true}]}}